{"id":1190,"date":"2013-03-14T12:02:37","date_gmt":"2013-03-14T11:02:37","guid":{"rendered":"http:\/\/www.slachtoffersjustitie.nl\/wordpress\/?p=1190"},"modified":"2013-03-25T11:34:15","modified_gmt":"2013-03-25T10:34:15","slug":"anann-stond-onder-ots-colegiaal-doorgeplaats-bericht-martin-vrijland","status":"publish","type":"post","link":"https:\/\/www.slachtoffersjustitie.nl\/wordpress\/2013\/03\/14\/1190_anann-stond-onder-ots-colegiaal-doorgeplaats-bericht-martin-vrijland\/","title":{"rendered":"Anass stond onder OTS. Collegiaal doorgeplaatst: bericht Martin Vrijland"},"content":{"rendered":"<p><em>Om onbereikbaarheid van deze informatie door overbelasting van websites of blokkades op sites te voorkomen neemt de redactie het artikel van Martin Vrijland zonder commentaar over.<\/em><\/p>\n<p><em>De redactie neemt geen enkel standpunt in over juistheid of rechtmatigheid van verstrekte informatie. Bij een rechtmatige en redelijke vordering behoudt de redactie zich het recht voor onderstaande informatie te verwijderen.<\/em><\/p>\n<p><em>Publicatie vindt plaats in verband met &#8220;groter maatschappelijk belang&#8221;.<\/em><\/p>\n<p><em>Van groot belang is dat Anass onder toezicht stond\/ of had gestaan. Ook hier was Bureau Jeugdzorg betrokken. De politie lijkt een soort reflexmatig gedrag te vertonen richting Bureau Jeugdzorg. De politie doet vaak zonder enige tegenspraak wat BJZ vraagt. Achteraf stelt de rechter vaak vast dat hetgeen BJZ gevraagd heeft, onrechtmatig is. Daarmee blijkt ook de politie regelmatig onrechtmatig te handelen.<\/em><\/p>\n<p>redactie<br \/>\njustitieslachtoffers.nl<\/p>\n<p>&#8216;======================================================================&#8217;<\/p>\n<h2><a title=\"Permalink naar Politierapport en rapport Forensisch Instituut van Anass, lees en huiver!\u00a0*Update*\" href=\"http:\/\/martinvrijland.wordpress.com\/2013\/03\/11\/politierapport-en-rapport-forensisch-instituut-van-anass-lees-en-huiver\/\" rel=\"bookmark\">Politierapport en rapport Forensisch Instituut van Anass, lees en huiver!\u00a0*Update*<\/a><\/h2>\n<p>Posted on <a title=\"23:26\" href=\"http:\/\/martinvrijland.wordpress.com\/2013\/03\/11\/politierapport-en-rapport-forensisch-instituut-van-anass-lees-en-huiver\/\" rel=\"bookmark\">11 maart 2013<\/a><\/p>\n<p>&#8216;======================================================================&#8217;<\/p>\n<p>Van een zeer betrouwbare bron ontving ik zowel het rapport van het Nederlands Forensisch Instituut (<strong>UPDATE<\/strong> <a href=\"http:\/\/www.hethaagsecomplot.nl\/\" target=\"_blank\">lees hier<\/a> de toelichting van een arts) als het Procesverbaal van de Politie Haaglanden. Lees dit alles goed. Nog nooit eerder is een rapport zo overduidelijk gestuurd in de richting het antwoord wat men graag wil verkopen als de uitslag: zelfmoord!<\/p>\n<p><strong>Brief OM<\/strong><\/p>\n<p>We beginnen met de brief van het OM aan advocaat Spong. Voor de volledigheid wijs ik u erop dat advocaat Spong inmiddels niet meer het belang van de familie verdedigt. Welke advocaat dit dan wel is laat ik nog even in het midden.<a href=\"http:\/\/martinvrijland.files.wordpress.com\/2013\/03\/brief-om-aan-spong.jpg\"><img loading=\"lazy\" decoding=\"async\" alt=\"Brief-OM-aan-Spong\" src=\"http:\/\/martinvrijland.files.wordpress.com\/2013\/03\/brief-om-aan-spong.jpg?w=640&amp;h=1054\" width=\"640\" height=\"1054\" \/><\/a><\/p>\n<p>Het OM weigert op voorhand elke vorm van inzage. De houding is meteen \u00e9\u00e9n van \u201c<em>de hakken in het zand<\/em>\u201c. Als er dan toch sprake is van zelfmoord waarom is men dan zo geheimzinnig? Wat heeft men te verbergen? Waarom wil men niet eens de ouders begeleiden naar de exacte vindplaats om aan te duiden aan welke tak Anass zich (naar men beweert) verhangen zou hebben? Er is namelijk geen stevige tak op die plek!<\/p>\n<p>Waarom krijgt de familie geen enkele foto te zien? Niet van het sporen onderzoek, niet van de\u00a0autopsie, niet van het NFI! Waarom wel foto\u2019s van Anass met sjaal op de beveiligings camera\u2019s van de school? Past dat nu eenmaal goed in de beeldvorming van zelfmoord met sjaal?<\/p>\n<p><strong>Brief Nederlands Forensisch Instituut<\/strong><\/p>\n<p>Ik zal hier eerst de brief van het Nederlands Forensisch Instituut plaatsen om daarna enig commentaar te geven over dit in mijn ogen slordig en bewust slecht in elkaar geflanst rapport. Ik kan me niet voorstellen dat een goede advocaat hier geen kritische vragen op stelt. Anders heb ik ze namelijk wel!<\/p>\n<p><a href=\"http:\/\/martinvrijland.files.wordpress.com\/2013\/03\/nfi_pagina11.jpg\"><img loading=\"lazy\" decoding=\"async\" alt=\"NFI_pagina1\" src=\"http:\/\/martinvrijland.files.wordpress.com\/2013\/03\/nfi_pagina11.jpg?w=640&amp;h=790\" width=\"640\" height=\"790\" \/><\/a><a href=\"http:\/\/martinvrijland.files.wordpress.com\/2013\/03\/nfi_pagina21.jpg\"><img loading=\"lazy\" decoding=\"async\" alt=\"NFI_pagina2\" src=\"http:\/\/martinvrijland.files.wordpress.com\/2013\/03\/nfi_pagina21.jpg?w=640&amp;h=790\" width=\"640\" height=\"790\" \/><\/a><\/p>\n<p>Valt u ook op dat er nergens gesproken wordt over onderzoek naar de geslachtsdelen of \u201clichaamsopeningen\u201d? Behalve het gezicht en de hals wordt de rest van het lichaam van Anass niet besproken! De imam en twee andere getuigen die Anass gewassen hebben, hebben toch echt meer gezien! Binnenkort meer hier over! De imam heeft duidelijk uitgesproken dat er geen sprake kan zijn van zelfmoord.<\/p>\n<p>Dit NFI rapport geeft er alle blijk van dat er een rapport aangepast is op de wens van het OM in plaats van dat er een volledig en gedetailleerde weergave van het gehele lichaam wordt gegeven. Niets over inwendig onderzoek. Men beperkt zich tot het hoofd en de nek.<\/p>\n<p><strong>Politierapport (Proces-verbaal van bevindingen)<\/strong><\/p>\n<p>Dan plaats ik nu het politierapport. Let u er vooral op hoe in beide rapporten gepoogd wordt om het zelfmoord verhaal sluitend te maken en er GEEN ENKEL ondersteunend bewijs geleverd wordt. Niets wordt er verteld over de periode tussen verdwijning en vinden. Niets wordt er verhelderd over een mogelijk telefoon-spoor bij de telecom provider. Niets wordt er gezegd over wie Anass gevonden heeft en over de wijze waarop \u2018elk vezeltje en elk grassprietje\u2019 <em>Peter R. de Vries<\/em> <a href=\"http:\/\/martinvrijland.wordpress.com\/2013\/02\/13\/anass-aouragh-om-reclamecampagne-peter-r-de-vries\/\" target=\"_blank\">omgekeerd is<\/a>\u00a0om een mogelijke moord uit te sluiten. Alles is ingezet op zelfmoord! Zelfmoord moet het zijn en zelfmoord is de richting waar men het rapport naar toe schrijft.<\/p>\n<p>De belangrijkste vraag die ik heb is de volgende: WAAR ZIJN DE FOTO\u2019S!??<\/p>\n<p><a href=\"http:\/\/martinvrijland.files.wordpress.com\/2013\/03\/politie-procesverbaal-pag11.jpg\"><img loading=\"lazy\" decoding=\"async\" alt=\"Politie-Procesverbaal-pag1\" src=\"http:\/\/martinvrijland.files.wordpress.com\/2013\/03\/politie-procesverbaal-pag11.jpg?w=640&amp;h=790\" width=\"640\" height=\"790\" \/><\/a><a href=\"http:\/\/martinvrijland.files.wordpress.com\/2013\/03\/politie-procesverbaal-pag21.jpg\"><img loading=\"lazy\" decoding=\"async\" alt=\"Politie-Procesverbaal-pag2\" src=\"http:\/\/martinvrijland.files.wordpress.com\/2013\/03\/politie-procesverbaal-pag21.jpg?w=640&amp;h=790\" width=\"640\" height=\"790\" \/><\/a><a href=\"http:\/\/martinvrijland.files.wordpress.com\/2013\/03\/politie-procesverbaal-pag31.jpg\"><img loading=\"lazy\" decoding=\"async\" alt=\"Politie-Procesverbaal-pag3\" src=\"http:\/\/martinvrijland.files.wordpress.com\/2013\/03\/politie-procesverbaal-pag31.jpg?w=640&amp;h=790\" width=\"640\" height=\"790\" \/><\/a><a href=\"http:\/\/martinvrijland.files.wordpress.com\/2013\/03\/politie-procesverbaal-pag41.jpg\"><img loading=\"lazy\" decoding=\"async\" alt=\"Politie-Procesverbaal-pag4\" src=\"http:\/\/martinvrijland.files.wordpress.com\/2013\/03\/politie-procesverbaal-pag41.jpg?w=640&amp;h=790\" width=\"640\" height=\"790\" \/><\/a><\/p>\n<p><strong>D<\/strong><strong>e sjaal van Anass<\/strong><\/p>\n<p>Om geloofwaardig te maken dat Anass zich aan zijn sjaal verhangen zou hebben komt men met foto\u2019s van de school waarop zichtbaar is dat Anass een sjaal draagt. Maar waarom doet men wel zoveel moeite om die sjaal in beeld te brengen maar krijgt de familie geen foto\u2019s te zien van de sjaal of de kleding zoals die aangetroffen is? Waarom krijgt de familie NIET de foto\u2019s te zien van Anass in gevonden toestand? Waarom niet? Waarom niet? Waarom niet?<\/p>\n<p>Zat er wel mos op die sjaal? Zat er wel mos op de handen? Bewijs dat eens!!! U kunt het wel zeggen, maar wij willen bewijs! Wij vertrouwen U Overheid niet meer! Kom met ondersteunend beeldmateriaal! Op zijn minst naar de familie! Er zijn te veel openstaande vragen (zie onder)!!<\/p>\n<p><a href=\"http:\/\/martinvrijland.files.wordpress.com\/2013\/03\/anass-sjaal.jpg\"><img loading=\"lazy\" decoding=\"async\" alt=\"Anass-sjaal\" src=\"http:\/\/martinvrijland.files.wordpress.com\/2013\/03\/anass-sjaal.jpg?w=640&amp;h=634\" width=\"640\" height=\"634\" \/><\/a><\/p>\n<p><a href=\"http:\/\/martinvrijland.files.wordpress.com\/2013\/02\/lidtekens-anass.jpg\"><img loading=\"lazy\" decoding=\"async\" alt=\"Lidtekens Anass\" src=\"http:\/\/martinvrijland.files.wordpress.com\/2013\/02\/lidtekens-anass.jpg?w=269&amp;h=403\" width=\"269\" height=\"403\" \/><\/a>Hoe kan het dat Anass op deze foto (klik om te vergroten) een perfect horizontale wurgstreep van ongeveer 1 cm breed heeft en dat beide rapporten (NFI rapport pagina 1 &amp; Politierapport pagina 3 onderaan) spreken over 5 cm breedte? Wilt u weten wat 5 cm is? Ga voor de spiegel staan en houd wijsvinger t\/m pink voor uw keel en vergelijk die breedte met de striem in de nek van Anass. Dit is gewoon een bewezen grove leugen in beide rapporten! Lang leve de i-Phone (in dit geval)!<\/p>\n<p>De sjaal als zelfmoord middel is simpelweg een verzonnen, in elkaar gedraaid verhaal. Punt 1 omdat er geen stevige tak in de boom is Punt 2 omdat de striem in de nek veel te klein is en meer duidt op een wurgstriem met een wurgband van 1 cm breed.<\/p>\n<p><strong>De boom<\/strong><\/p>\n<p>Onderstaan ziet u een filmopname van de vindplaats van Anass tijdens mijn aller eerste begeleiding daarnaar toe door twee oudere buurtbewoonsters. Oordeelt u zelf of iemand zich daar in kan verhangen. Let goed op de bomen. Op 2:14 minuut maak ik een shot omhoog. Daar zit simpelweg geen tak stevig genoeg om je aan te verhangen als 1.69 meter lang zijnde jongen.<\/p>\n<p>En dan nog? Was de infrarood apparatuur van de\u00a0helikopter\u00a0kapot? Zaten de neuzen van de speur(drugs)honden verstopt?<\/p>\n<p>&nbsp;<\/p>\n<p><strong>Opvallend in het politierapport<\/strong><\/p>\n<p>In het politierapport staat geen verklaring voor de <a href=\"http:\/\/martinvrijland.wordpress.com\/2013\/02\/19\/littekens-op-anann\/\" target=\"_blank\">taser-plekken<\/a> op het gezicht van Anass. Er wordt slechts gesproken over [quote] \u201c<em>oppervlakkige huidbeschadigingen in het gelaat<\/em>\u201c.<\/p>\n<p>Wederom wordt ook in dit rapport in alle toonaarden gezwegen over inwendig onderzoek. Is Anass onderzocht op seksueel misbruik? En zo nee, waarom niet? En zo ja, waarom wordt daar dan geen verslag van gedaan? En nogmaals: waarom krijgt de familie geen foto\u2019s te zien!!? Waarom lijkt er in het hele rapport ingezet te worden op een zelfmoord en wordt er met geen woord gerept over het sporen onderzoek!? Wat is er onderzocht? Welke sporen? Nogmaals: Waar zijn de foto\u2019s? U kunt maar wat roepen!!<\/p>\n<p>Pagina 3 bovenaan: \u201c<em>zich in de hals evenwijdige lopende indrukken bevonden met een patroon, welke overeen kwamen met de sjaal<\/em>\u201c. Welk patroon? Evenwijdige? Ik zie maar 1 streep van 1 cm! Nogmaals: foto\u2019s van de sjaal om de nek graag! En ook alle foto\u2019s van Anass lichaam!<\/p>\n<p>Ook in dit rapport wordt niet of nauwelijks over de rest van het lichaam van Anass gesproken. Heel gehaaid noemt men alleen de lijkvlekken. Bent u ook zo benieuwd naar de getuigenverklaring van de imam en de twee andere mensen die Anass gewassen hebben? Zij beweren dat er toch echt meer aan de hand was met het lichaam van Anass! En waarom ondersteunt het OM dit niet met bewijsmateriaal in de vorm van foto\u2019s naar de familie? Zijn ze de foto\u2019s kwijt? Zijn de computers gecrasht? Wat gaan ze verzinnen?<\/p>\n<p><strong>Foto\u2019s van Anass op vindplaats<\/strong><\/p>\n<p>Arts en patholoog Ann Maes zegt op pagina 2 van zijn rapport [quote] \u201c<em>Voorafgaande aan de \u00a0sectie werd mij enkele foto\u2019s getoond van de overledene op de plaats van aantreffen<\/em>\u201c. De familie moet deze foto\u2019s ook zien! Kom op met die foto\u2019s! Maar ook de foto\u2019s van het forensisch onderzoek graag! En natuurlijk alle foto\u2019s van de lijkschouwing. Maar ook de foto\u2019s van het postmortaal onderzoek in het ziekenhuis te Gouda. En de foto\u2019s van het mos op de sjaal en kleding (alhoewel dat natuurlijk eenvoudig aan te brengen valt). Het Forensisch instituut kan wel wat roepen, maar als op voorhand door het OM vermeld wordt dat ze er alles aan zullen doen om te voorkomen dat er meer gegevens beschikbaar worden gesteld, is dat uitermate verdacht! \u00a0Elke stukje bewijsmateriaal moet op tafel komen!<\/p>\n<p>Men gaat toch uit van zelfmoord? Dat is al in de media geroepen? Waarom zegt het OM dan (zie bovenste brief) [quote] \u201c<em>ben ik voornemens de rechter-commissaris te vorderen om mij machtiging te verlenen tot het weigeren van de kennisneming\u2026<\/em>\u201c? Wat heeft men te verbergen? En als men nog rekening houdt met moord, waarom hoort de familie dit dan niet? Wordt de familie of iemand in de familie als verdachte beschouwd? Waarom WEL in de media roepen dat de politie zeker weet dat het om zelfmoord gaat en waarom dan zoveel moeite doen en zelfs dreigen met de rechter om NIET alle informatie te verstrekken?<\/p>\n<p><strong>Getuige verklaring<\/strong><\/p>\n<p>Volgens een getuige heeft de politie de eigenaar van het pannankoekhuisje aan de Storm van \u2018s Gravenzandweg een geheimhoudingsverklaring laten tekenen. Waarom moet deze man zijn mond houden? Wat heeft hij gezien?<\/p>\n<p><strong>Openstaande vragen<\/strong><\/p>\n<ol>\n<li>Wat waren de overige verwoningen op zijn lichaam op basis waarvan de imam en twee andere getuigen concludeerde dat Anass vermoord werd?<\/li>\n<li>Waar zijn de foto\u2019s behorende bij de onderzoeken?<\/li>\n<li>Wat was het exacte tijdstip van overlijden?<\/li>\n<li>Hoe komt Anass aan de\u00a0<a href=\"http:\/\/martinvrijland.wordpress.com\/2013\/02\/19\/littekens-op-anann\/\" target=\"_blank\">taser sporen<\/a>\u00a0in zijn gezicht?<\/li>\n<li>Waar was hij tussen het vindmoment van zijn fiets en het moment dat hij \u2019s ochtends gevonden werd?<\/li>\n<li>Wie vond Anass nu eigenlijk echt? De\u00a0<a href=\"http:\/\/martinvrijland.wordpress.com\/2013\/02\/20\/beveiliger-duinrell-vond-anass-aldus-getuige\/\" target=\"_blank\">Duinrell bewaker<\/a>, een agent\u00a0of een onbekende vrouw met een Cocker Spaniel?<\/li>\n<li>Wie zette zijn telefoon uit?<\/li>\n<li>Welk spoor is er bekend van de telefoon bij de provider tot het moment van uitzetten?<\/li>\n<li>Waarom\u00a0<a href=\"http:\/\/martinvrijland.wordpress.com\/2013\/02\/13\/anass-aouragh-om-reclamecampagne-peter-r-de-vries\/\" target=\"_blank\">werd beweerd<\/a>\u00a0dat er grondig sporenonderzoek is verricht terwijl er een hoop rommel (inclusief\u00a0<a href=\"http:\/\/martinvrijland.wordpress.com\/2013\/02\/17\/plaats-delict\/\" target=\"_blank\">condoom<\/a>) op de vindplaats aangetroffen werd?<\/li>\n<li>Waarom is er sprake van een spel\u00a0<a href=\"http:\/\/martinvrijland.wordpress.com\/2013\/02\/20\/spel-geocaching-op-vindplaats-anass\/\" target=\"_blank\">Geocaching<\/a>\u00a0op en nabij de vindplaat van Anass en is hier niets mee gedaan in het onderzoek?<\/li>\n<li>Waarom was er in een rouwadvertentie van de voetbalvereniging als sprake van zelfmoord terwijl dit nog niet de offici\u00eble lezing was?<\/li>\n<li>Waarom is er een\u00a0<a href=\"http:\/\/martinvrijland.wordpress.com\/2013\/02\/21\/geen-speurhonden-maar-drugshonden-bij-anass\/\" target=\"_blank\">COC adviseur<\/a>\u00a0die kinderen op basisscholen adviseert in de mogelijkheden van homoseksualiteit en transseksualiteit (ook op de school van Anass), die beweert dat hij een homoseksuele relatie heeft met een agent die zijn geheimhoudingsplicht schendt?<\/li>\n<li>Waarom beweert deze getuige dat hij van deze agent begrepen heeft dat er\u00a0<a href=\"http:\/\/martinvrijland.wordpress.com\/2013\/02\/21\/geen-speurhonden-maar-drugshonden-bij-anass\/\" target=\"_blank\">drugshonden zijn ingezet<\/a>\u00a0bij de zoektocht naar Anass?<\/li>\n<li>Waarom heeft de politie alleen flyers uitgedeeld met een telefoonnummer en niet alle buurtbewoners ondervraagt met een notitieblok of opname apparatuur?<\/li>\n<li>Wat is er onderzocht aan de\u00a0<a href=\"http:\/\/martinvrijland.wordpress.com\/2013\/02\/18\/ambulance-naar-kasstraat-op-06-02-2013-om-1743\/\" target=\"_blank\">ambulancemelding<\/a>\u00a017:43 uur in de straat van Anass?<\/li>\n<li>Wat is er bekend van de vermeende zelfmoord op de zelfde avond op het Duinrell terrein nabij de vindplaats van Anass?<\/li>\n<li>Wie zijn de (drie) blonde jongens waarmee Anass is gezien?<\/li>\n<li>Wie is de man in Joggingbroek die door de verslaggever van Omroepwest en een zoontje van een vrouw werd gezien?<\/li>\n<li>Waar zijn de inbeslaggenomen beelden van de getuige die een man zag rond 21:30 uur terhoogte van het pannenkoekhuis?<\/li>\n<li>Waarom hebben de helicopter en de \u2018drugshonden\u2019 (in plaats van speurhonden) Anass niet gevonden op de avond van de zoekactie?<\/li>\n<li>Zijn de camerabeelden van de Tango \u00a0tegenover het bosje in beslag genomen (zoals wel gebeurd is bij het pannenkoekhuis) en wat is daarop te zien?<\/li>\n<li>Zijn de medewerkers en beveiligers van Duinrell gehoord?<\/li>\n<li>Waarom was er zoveel politie aanwezig bij de begrafenis van iemand die zelfmoord zou hebben gepleegd?<\/li>\n<li>Waarom roept een Marokkaanse tijdens een interview bij Omroepwest op om te geloven in de zelfmoord en wordt door de (veel te gretig lachende) presentatrice het woord complottheorie gebruikt (zie <a href=\"http:\/\/www.youtube.com\/watch?v=ucYYYgQxnX8&amp;feature=player_embedded\" target=\"_blank\">dit Youtube filmpje<\/a>)?<\/li>\n<li>Wat is de theorie achter zijn zelfmoord en dat Anass na een nacht rond te hebben gewandeld weer terug gaat naar het bosje om zelfmoord te plegen?<\/li>\n<li>Waarom weigert de politie de familie de vindplaats aan te wijzen?<\/li>\n<li>Waarom dreigt het OM met de rechter om verdere informatie te verstrekken?<\/li>\n<li>Waarom komt er geen enkel inwendig onderzoek voor in de rapporten?<\/li>\n<li>Waarom ligt de focus op de hals en het gezicht en wordt de rest praktisch genegeerd?<\/li>\n<li>Waar is het sporenonderzoek en de resultaten daarvan?<\/li>\n<\/ol>\n<p><strong>Samengevat<\/strong><\/p>\n<p>Men schrijft een rapport, maar komt met geen enkel ondersteunend bewijsmateriaal om de inhoud van het rapport aan te kunnen toetsen. In feite komt het er op neer dat er gezegd wordt: dit is het NFI rapport en dit is het proces-verbaal en daar moet u het maar mee doen. Het NFI liegt immers niet. De politie liegt ook niet. Dit zijn immers goud eerlijke mensen die trouw hebben gezworen aan de koningin! Aan wie? Ja, aan de koningin. Niet aan het volk, niet aan de ouders van een kind dat mogelijk vermoord is, nee aan de koningin. Maar hoeven deze instituten dan geen bewijs te leveren voor hun conclusies? Kennelijk niet! Ik ruik <a href=\"http:\/\/martinvrijland.wordpress.com\/2013\/02\/21\/die-grose-luge-machiavelli-vaatstra-anass\/\" target=\"_blank\">Machiavelli<\/a>\u2026u ook?<\/p>\n<div><a href=\"http:\/\/en.wordpress.com\/about-these-ads\/\" rel=\"nofollow\">About these ads<\/a><\/p>\n<div id=\"google_ads_div_wpcom_below_post_adsafe_ad_wrapper\">\n<div id=\"google_ads_div_wpcom_below_post_adsafe_ad_container\">\n<div id=\"beacon_78858301\"><img decoding=\"async\" alt=\"\" src=\"http:\/\/us-ads.openx.net\/w\/1.0\/ri?ts=1fHJhaWQ9NmQyOWU5OGUtNzQ2MC00ZjgyLWIzMjUtZTQ4YzlhNzY3YmNifHNpZD02NTczOHx1PTF8YXVpZD0zMzU4MTV8cmlkPTI5M2JmNWY4LWM3MzYtNGYzYy1iMTEzLTU4NDNhODY5ODg2OHxwYz1VU0R8cnQ9MTM2MzI1NTI4NXxwdWI9Nzk0OTQ&amp;cb=78858301\" \/><\/div>\n<\/div>\n<\/div>\n<\/div>\n<div id=\"jp-post-flair\">\n<div>\n<div>\n<h3>Share this:<\/h3>\n<div>\n<ul>\n<li><a id=\"sharing-twitter-3173\" title=\"Klik om te delen via Twitter\" href=\"http:\/\/martinvrijland.wordpress.com\/2013\/03\/11\/politierapport-en-rapport-forensisch-instituut-van-anass-lees-en-huiver\/?share=twitter&amp;nb=1\" rel=\"nofollow\">Twitter77<\/a><\/li>\n<li><a id=\"sharing-facebook-3173\" title=\"Share op Facebook\" href=\"http:\/\/martinvrijland.wordpress.com\/2013\/03\/11\/politierapport-en-rapport-forensisch-instituut-van-anass-lees-en-huiver\/?share=facebook&amp;nb=1\" rel=\"nofollow\">Facebook2K+<\/a><\/li>\n<li><\/li>\n<\/ul>\n<\/div>\n<\/div>\n<\/div>\n<div id=\"like-post-wrapper-43841232-3173\" data-src=\"http:\/\/widgets.wp.com\/likes\/#blog_id=43841232&amp;post_id=3173&amp;origin=http:\/\/martinvrijland.wordpress.com\" data-name=\"like-post-frame-43841232-3173\">\n<h3>Vind ik leuk:<\/h3>\n<\/div>\n<\/div>\n<div id=\"entry-author-info\">\n<div id=\"author-avatar\"><img loading=\"lazy\" decoding=\"async\" id=\"grav-ce517fd0c6fc40f11ca6e930fbf70cc2-0\" alt=\"\" src=\"http:\/\/0.gravatar.com\/avatar\/ce517fd0c6fc40f11ca6e930fbf70cc2?s=60&amp;d=identicon&amp;r=G\" width=\"60\" height=\"60\" \/><\/div>\n<div id=\"author-description\">\n<h2>Over martinvrijland<\/h2>\n<p>Martin Vrijland is een gewone Nederlands burger. Maar hij durft onafhankelijk na te denken over alle aspecten van het leven. Al zijn hele leven heeft hij moeite met bepaalde processen in de maatschappij die ogenschijnlijk door bijna niemand aangevochten worden of als problematische beschouwd worden. Het valt hem op dat veel mensen toch nadrukkelijk kudde gedrag vertonen. Hij startte deze weblog om mensen uit de kudde te trekken en zich daarboven te verheffen. Eye openers geven. Een geliefde quote van Morphius in The Matrix is: &#8220;This is your last chance. After this, there is no turning back. You take the blue pill &#8211; the story ends, you wake up in your bed and believe whatever you want to believe. You take the red pill &#8211; you stay in Wonderland and I show you how deep the rabbit-hole goes.&#8221;. Een ander belangrijke quote van Morpheus uit The Matrix: &#8220;The Matrix is a system, Neo. That system is our enemy. But when you&#8217;re inside, you look around, what do you see? Businessmen, teachers, lawyers, carpenters. The very minds of the people we are trying to save. But until we do, these people are still a part of that system and that makes them our enemy. You have to understand, most of these people are not ready to be unplugged. And many of them are so inured, so hopelessly dependent on the system, that they will fight to protect it.&#8221;<\/p>\n<div id=\"author-link\"><a href=\"http:\/\/martinvrijland.wordpress.com\/author\/martinvrijland\/\" rel=\"author\"> Bekijk alle berichten van martinvrijland \u2192 <\/a><\/div>\n<\/div>\n<\/div>\n<div>Dit bericht werd geplaatst in <a title=\"Alle berichten bekijken in Alles\" href=\"http:\/\/martinvrijland.wordpress.com\/category\/alles\/\" rel=\"category tag\">Alles<\/a>, <a title=\"Alle berichten bekijken in Zaak Anass\" href=\"http:\/\/martinvrijland.wordpress.com\/category\/zaak-anass\/\" rel=\"category tag\">Zaak Anass<\/a> en getagged met <a href=\"http:\/\/martinvrijland.wordpress.com\/tag\/anass\/\" rel=\"tag\">Anass<\/a>, <a href=\"http:\/\/martinvrijland.wordpress.com\/tag\/doodsoorzaak\/\" rel=\"tag\">doodsoorzaak<\/a>, <a href=\"http:\/\/martinvrijland.wordpress.com\/tag\/forensisch\/\" rel=\"tag\">forensisch<\/a>, <a href=\"http:\/\/martinvrijland.wordpress.com\/tag\/moord\/\" rel=\"tag\">moord<\/a>, <a href=\"http:\/\/martinvrijland.wordpress.com\/tag\/nederlands-forensisch-instituut\/\" rel=\"tag\">Nederlands Forensisch Instituut<\/a>, <a href=\"http:\/\/martinvrijland.wordpress.com\/tag\/nfi-rapport\/\" rel=\"tag\">NFI rapport<\/a>, <a href=\"http:\/\/martinvrijland.wordpress.com\/tag\/onderzoek\/\" rel=\"tag\">onderzoek<\/a>, <a href=\"http:\/\/martinvrijland.wordpress.com\/tag\/politierapport\/\" rel=\"tag\">politierapport<\/a>, <a href=\"http:\/\/martinvrijland.wordpress.com\/tag\/rapport\/\" rel=\"tag\">rapport<\/a>, <a href=\"http:\/\/martinvrijland.wordpress.com\/tag\/zelfmoord\/\" rel=\"tag\">zelfmoord<\/a>. Maak dit favoriet <a title=\"Permalink naar Politierapport en rapport Forensisch Instituut van Anass, lees en huiver!\u00a0*Update*\" href=\"http:\/\/martinvrijland.wordpress.com\/2013\/03\/11\/politierapport-en-rapport-forensisch-instituut-van-anass-lees-en-huiver\/\" rel=\"bookmark\">permalink<\/a>.<\/div>\n<div id=\"nav-below\">\n<div><a href=\"http:\/\/martinvrijland.wordpress.com\/2013\/03\/11\/micha-kat-over-zijn-vonnis\/\" rel=\"prev\">\u2190 Advocaat Micha Kat over zijn\u00a0vonnis<\/a><\/div>\n<div><a href=\"http:\/\/martinvrijland.wordpress.com\/2013\/03\/12\/anass-leven-laatste-activiteiten-en-emails\/\" rel=\"next\">Anass\u2019 leven, laatste activiteiten en\u00a0emails \u2192<\/a><\/div>\n<\/div>\n<div id=\"comments\">\n<h3 id=\"comments-title\">91 reacties op <em>Politierapport en rapport Forensisch Instituut van Anass, lees en huiver!\u00a0*Update*<\/em><\/h3>\n<div>\n<div><a href=\"http:\/\/martinvrijland.wordpress.com\/2013\/03\/11\/politierapport-en-rapport-forensisch-instituut-van-anass-lees-en-huiver\/comment-page-2\/#comments\">\u2190 Oudere reacties<\/a><\/div>\n<\/div>\n<ol>\n<li>Pingback: <a href=\"http:\/\/forums.ansaar.nl\/islam-jij-algemeen\/63563-anass-aouargh.html#post798364\" rel=\"external nofollow\">Anass Aouargh &#8211; ANSAAR-Forum<\/a><\/li>\n<li id=\"li-comment-13356\">\n<div id=\"comment-13356\">\n<div><img loading=\"lazy\" decoding=\"async\" id=\"grav-f2b936a5494d484984a1bc6a792ca193-0\" alt=\"\" src=\"http:\/\/0.gravatar.com\/avatar\/f2b936a5494d484984a1bc6a792ca193?s=40&amp;d=identicon&amp;r=G\" width=\"40\" height=\"40\" \/> <cite>fleur98<\/cite> zegt:<\/div>\n<div><a href=\"http:\/\/martinvrijland.wordpress.com\/2013\/03\/11\/politierapport-en-rapport-forensisch-instituut-van-anass-lees-en-huiver\/comment-page-3\/#comment-13356\"> 12 maart 2013 om 22:38<\/a><\/div>\n<div>\n<p>Bij pagina 3 van 4 staat bij: wijze aantreffen stoffelijk overschot.<br \/>\n\u201d Het stoffelijk overschot werd liggend op de grond aangetroffen.<br \/>\nOm zijn hals was ZEER STRAK een sjaal geknoopt. \u201d<\/p>\n<p>Er wordt beweerd dat de sjaal om een tak heeft gezeten ( zelfmoord ). Er worden echter geen splinters van een tak gevonden in de sjaal van Anass maar uitsluitend aan \u00e9\u00e9n kant een spoor van algen ( aan de binnen of buitenkant v.d sjaal\u2026.. wordt niet specifiek benoemd ).<\/p>\n<p>Kan Anass met een z\u00e9\u00e9r strakke sjaal om de hals van de tak zijn gegleden.<br \/>\nAntwoord: Uitgesloten. Sjaal zat t\u00e9 strak om de hals. Bovendien waren er geen schaafwonden v.d tak ) aanwezig in zijn hals.<br \/>\nIs de tak afgebroken?<br \/>\nAntwoord: Uitgesloten. Hij was dan gevonden met de tak die dwars door de sjaal heen moest steken.<br \/>\nIs de knoop v.d sjaal na geruime tijd losgeraakt?<br \/>\nAntwoord: Uitgesloten. Hij lag immers op de grond met de sjaal zeer strak om de hals GEKNOOPT.<\/p>\n<p>De suggesties onder het kopje \u201d wijze aantreffen stoffelijk overschot \u201d waarbij wordt vermeld op welke wijze Anass wellicht op de grond was beland, is volstr\u00e9kt onrealistisch dus lariekoek.<br \/>\nOok in dit gedeelte v.h rapport wordt het tegendeel van \u201czelfmoord \u201d aangeleverd cq aangetoond!<\/p>\n<\/div>\n<div><a href=\"http:\/\/martinvrijland.wordpress.com\/wp-login.php?redirect_to=http%3A%2F%2Fmartinvrijland.wordpress.com%2F2013%2F03%2F11%2Fpolitierapport-en-rapport-forensisch-instituut-van-anass-lees-en-huiver%2F\" rel=\"nofollow\">Login om te reageren<\/a><\/div>\n<\/div>\n<\/li>\n<li id=\"li-comment-13463\">\n<div id=\"comment-13463\">\n<div><img loading=\"lazy\" decoding=\"async\" id=\"grav-8df797d5622b60177604cdbddda0f176-0\" alt=\"\" src=\"http:\/\/2.gravatar.com\/avatar\/8df797d5622b60177604cdbddda0f176?s=40&amp;d=identicon&amp;r=G\" width=\"40\" height=\"40\" \/> <cite><a href=\"http:\/\/koosvanwoudenberg.wordpress.com\" rel=\"external nofollow\">jvwzakelijk<\/a><\/cite> zegt:<\/div>\n<div><a href=\"http:\/\/martinvrijland.wordpress.com\/2013\/03\/11\/politierapport-en-rapport-forensisch-instituut-van-anass-lees-en-huiver\/comment-page-3\/#comment-13463\"> 13 maart 2013 om 08:11<\/a><\/div>\n<div>\n<p>Dat er sprake is van een \u2018zwaarwegend opsporingsbelang\u2019 kan dat betekenen dat er naast de \u2018doofpot\u2019 misschien toch nog een onderzoek loopt naar een misdrijf?<\/p>\n<\/div>\n<div><a href=\"http:\/\/martinvrijland.wordpress.com\/wp-login.php?redirect_to=http%3A%2F%2Fmartinvrijland.wordpress.com%2F2013%2F03%2F11%2Fpolitierapport-en-rapport-forensisch-instituut-van-anass-lees-en-huiver%2F\" rel=\"nofollow\">Login om te reageren<\/a><\/div>\n<\/div>\n<ul>\n<li id=\"li-comment-13468\">\n<div id=\"comment-13468\">\n<div><img loading=\"lazy\" decoding=\"async\" id=\"grav-ce517fd0c6fc40f11ca6e930fbf70cc2-1\" alt=\"\" src=\"http:\/\/0.gravatar.com\/avatar\/ce517fd0c6fc40f11ca6e930fbf70cc2?s=40&amp;d=identicon&amp;r=G\" width=\"40\" height=\"40\" \/> <cite><a href=\"http:\/\/martinvrijland.wordpress.com\" rel=\"external nofollow\">martinvrijland<\/a><\/cite> zegt:<\/div>\n<div><a href=\"http:\/\/martinvrijland.wordpress.com\/2013\/03\/11\/politierapport-en-rapport-forensisch-instituut-van-anass-lees-en-huiver\/comment-page-3\/#comment-13468\"> 13 maart 2013 om 08:41<\/a><\/div>\n<div>\n<p>Als dat zo zou zijn, dan is vooral de grote vraag: waarom wel in de media roepen dat zelfmoord vast staat!?<\/p>\n<\/div>\n<div><a href=\"http:\/\/martinvrijland.wordpress.com\/wp-login.php?redirect_to=http%3A%2F%2Fmartinvrijland.wordpress.com%2F2013%2F03%2F11%2Fpolitierapport-en-rapport-forensisch-instituut-van-anass-lees-en-huiver%2F\" rel=\"nofollow\">Login om te reageren<\/a><\/div>\n<\/div>\n<\/li>\n<\/ul>\n<\/li>\n<li id=\"li-comment-13464\">\n<div id=\"comment-13464\">\n<div><img loading=\"lazy\" decoding=\"async\" id=\"grav-a18e90d0d972aac895a9c2aaff27b7b5-0\" alt=\"\" src=\"http:\/\/1.gravatar.com\/avatar\/a18e90d0d972aac895a9c2aaff27b7b5?s=40&amp;d=identicon&amp;r=G\" width=\"40\" height=\"40\" \/> <cite><a href=\"http:\/\/saschavanstein.wordpress.com\" rel=\"external nofollow\">sascha1234<\/a><\/cite> zegt:<\/div>\n<div><a href=\"http:\/\/martinvrijland.wordpress.com\/2013\/03\/11\/politierapport-en-rapport-forensisch-instituut-van-anass-lees-en-huiver\/comment-page-3\/#comment-13464\"> 13 maart 2013 om 08:11<\/a><\/div>\n<div>\n<p>Hallo Martin, goed stuk! Ik vroeg mij alleen af of jij eigenlijk de film hebt gezien die van het lichaam van Anass is gemaakt? Er zijn in NL ook onafhankelijke forensische onderzoekers die wellicht een licht kunnen werpen op zijn lichaam. Mocht deze tot volledige andere conclusies komen dan kun je de politie en het NFI hiermee confronteren. Misschien een idee?<\/p>\n<\/div>\n<div><a href=\"http:\/\/martinvrijland.wordpress.com\/wp-login.php?redirect_to=http%3A%2F%2Fmartinvrijland.wordpress.com%2F2013%2F03%2F11%2Fpolitierapport-en-rapport-forensisch-instituut-van-anass-lees-en-huiver%2F\" rel=\"nofollow\">Login om te reageren<\/a><\/div>\n<\/div>\n<ul>\n<li id=\"li-comment-13467\">\n<div id=\"comment-13467\">\n<div><img loading=\"lazy\" decoding=\"async\" id=\"grav-ce517fd0c6fc40f11ca6e930fbf70cc2-2\" alt=\"\" src=\"http:\/\/0.gravatar.com\/avatar\/ce517fd0c6fc40f11ca6e930fbf70cc2?s=40&amp;d=identicon&amp;r=G\" width=\"40\" height=\"40\" \/> <cite><a href=\"http:\/\/martinvrijland.wordpress.com\" rel=\"external nofollow\">martinvrijland<\/a><\/cite> zegt:<\/div>\n<div><a href=\"http:\/\/martinvrijland.wordpress.com\/2013\/03\/11\/politierapport-en-rapport-forensisch-instituut-van-anass-lees-en-huiver\/comment-page-3\/#comment-13467\"> 13 maart 2013 om 08:40<\/a><\/div>\n<div>\n<p>Nee, ze willen immers niets geven..dus zelfs geen beelden aan de ouders.<br \/>\nJa een onafhankelijk onderzoek is wenselijk. Dit had een advocaat natuurlijk direct moeten eisen!<\/p>\n<\/div>\n<div><a href=\"http:\/\/martinvrijland.wordpress.com\/wp-login.php?redirect_to=http%3A%2F%2Fmartinvrijland.wordpress.com%2F2013%2F03%2F11%2Fpolitierapport-en-rapport-forensisch-instituut-van-anass-lees-en-huiver%2F\" rel=\"nofollow\">Login om te reageren<\/a><\/div>\n<\/div>\n<ul>\n<li id=\"li-comment-13469\">\n<div id=\"comment-13469\">\n<div><img loading=\"lazy\" decoding=\"async\" id=\"grav-8df797d5622b60177604cdbddda0f176-1\" alt=\"\" src=\"http:\/\/2.gravatar.com\/avatar\/8df797d5622b60177604cdbddda0f176?s=40&amp;d=identicon&amp;r=G\" width=\"40\" height=\"40\" \/> <cite><a href=\"http:\/\/koosvanwoudenberg.wordpress.com\" rel=\"external nofollow\">Koos van Woudenberg<\/a><\/cite> zegt:<\/div>\n<div><a href=\"http:\/\/martinvrijland.wordpress.com\/2013\/03\/11\/politierapport-en-rapport-forensisch-instituut-van-anass-lees-en-huiver\/comment-page-3\/#comment-13469\"> 13 maart 2013 om 08:43<\/a><\/div>\n<div>\n<p>Maar wie\/welke instantie zou dat \u2018onafhankelijke\u2019 onderzoek dan moeten uitvoeren?<\/p>\n<\/div>\n<div><a href=\"http:\/\/martinvrijland.wordpress.com\/wp-login.php?redirect_to=http%3A%2F%2Fmartinvrijland.wordpress.com%2F2013%2F03%2F11%2Fpolitierapport-en-rapport-forensisch-instituut-van-anass-lees-en-huiver%2F\" rel=\"nofollow\">Login om te reageren<\/a><\/div>\n<\/div>\n<ul>\n<li id=\"li-comment-13493\">\n<div id=\"comment-13493\">\n<div><img loading=\"lazy\" decoding=\"async\" id=\"grav-34af448bef2298c1d34cdf8921cb8051-0\" alt=\"\" src=\"http:\/\/0.gravatar.com\/avatar\/34af448bef2298c1d34cdf8921cb8051?s=40&amp;d=identicon&amp;r=G\" width=\"40\" height=\"40\" \/> <cite>bezorgdemoeder<\/cite> zegt:<\/div>\n<div><a href=\"http:\/\/martinvrijland.wordpress.com\/2013\/03\/11\/politierapport-en-rapport-forensisch-instituut-van-anass-lees-en-huiver\/comment-page-3\/#comment-13493\"> 13 maart 2013 om 19:17<\/a><\/div>\n<div>\n<p>Ik heb op dit moment nog het meest vertrouwen in de paragnosten van \u201cHet zesde zintuig\u201d..nooit verwacht dat ik dat nog eens zou zeggen en ik verheug me enorm op een goede advocaat bij Pauw en Witteman!<\/p>\n<\/div>\n<div><a href=\"http:\/\/martinvrijland.wordpress.com\/wp-login.php?redirect_to=http%3A%2F%2Fmartinvrijland.wordpress.com%2F2013%2F03%2F11%2Fpolitierapport-en-rapport-forensisch-instituut-van-anass-lees-en-huiver%2F\" rel=\"nofollow\">Login om te reageren<\/a><\/div>\n<\/div>\n<ul>\n<li id=\"li-comment-13494\">\n<div id=\"comment-13494\">\n<div><img loading=\"lazy\" decoding=\"async\" id=\"grav-ce517fd0c6fc40f11ca6e930fbf70cc2-3\" alt=\"\" src=\"http:\/\/0.gravatar.com\/avatar\/ce517fd0c6fc40f11ca6e930fbf70cc2?s=40&amp;d=identicon&amp;r=G\" width=\"40\" height=\"40\" \/> <cite><a href=\"http:\/\/martinvrijland.wordpress.com\" rel=\"external nofollow\">martinvrijland<\/a><\/cite> zegt:<\/div>\n<div><a href=\"http:\/\/martinvrijland.wordpress.com\/2013\/03\/11\/politierapport-en-rapport-forensisch-instituut-van-anass-lees-en-huiver\/comment-page-3\/#comment-13494\"> 13 maart 2013 om 19:33<\/a><\/div>\n<div>\n<p>De leugenmachine \u2018de main stream media\u2019 die vanaf dag 1 dit dwaalspoor heeft helpen verkopen gaat er zeker niet in betrokken worden. Zij hebben geen enkele credits opgebouwd.<br \/>\nSorry, maar ik kan niet zoveel met dit soort uitspraken. We hoeven geen paragnosten of andere bedriegers in deze serieuze kwestie. Gewoon de logische redenatie (door sommen complotdenken genaamd) volgen. Ieder mens met een gemiddeld IQ kan bedenken dat de uitleg die gegeven wordt niet klopt, onvolledig is en alles behalve antwoorden geeft.<\/p>\n<\/div>\n<div><\/div>\n<\/div>\n<\/li>\n<\/ul>\n<\/li>\n<\/ul>\n<\/li>\n<li id=\"li-comment-13484\">\n<div id=\"comment-13484\">\n<div><img loading=\"lazy\" decoding=\"async\" id=\"grav-a18e90d0d972aac895a9c2aaff27b7b5-1\" alt=\"\" src=\"http:\/\/1.gravatar.com\/avatar\/a18e90d0d972aac895a9c2aaff27b7b5?s=40&amp;d=identicon&amp;r=G\" width=\"40\" height=\"40\" \/> <cite><a href=\"http:\/\/saschavanstein.wordpress.com\" rel=\"external nofollow\">sascha1234<\/a><\/cite> zegt:<\/div>\n<div><a href=\"http:\/\/martinvrijland.wordpress.com\/2013\/03\/11\/politierapport-en-rapport-forensisch-instituut-van-anass-lees-en-huiver\/comment-page-3\/#comment-13484\"> 13 maart 2013 om 11:08<\/a><\/div>\n<div>\n<p>Daar ben ik het helemaal met je eens! Ik had gedacht dat de familie van Anass foto\u2019s en een filmopname had gemaakt met een iPhone zoals je dat kunt zien op de \u2018still\u2019-opname van Anass en dat die beelden evt. gebruikt kunnen worden voor een onafhankelijk onderzoek.<\/p>\n<\/div>\n<div><a href=\"http:\/\/martinvrijland.wordpress.com\/wp-login.php?redirect_to=http%3A%2F%2Fmartinvrijland.wordpress.com%2F2013%2F03%2F11%2Fpolitierapport-en-rapport-forensisch-instituut-van-anass-lees-en-huiver%2F\" rel=\"nofollow\">Login om te reageren<\/a><\/div>\n<\/div>\n<ul>\n<li id=\"li-comment-13496\">\n<div id=\"comment-13496\">\n<div><img loading=\"lazy\" decoding=\"async\" id=\"grav-34af448bef2298c1d34cdf8921cb8051-1\" alt=\"\" src=\"http:\/\/0.gravatar.com\/avatar\/34af448bef2298c1d34cdf8921cb8051?s=40&amp;d=identicon&amp;r=G\" width=\"40\" height=\"40\" \/> <cite>bezorgdemoeder<\/cite> zegt:<\/div>\n<div><a href=\"http:\/\/martinvrijland.wordpress.com\/2013\/03\/11\/politierapport-en-rapport-forensisch-instituut-van-anass-lees-en-huiver\/comment-page-3\/#comment-13496\"> 13 maart 2013 om 20:05<\/a><\/div>\n<div>\n<p>@martin Het eerste was ook meer cynisch bedoeld, maar uiteindelijk willen we toch wel dat de media er niet meer om heen kan?<\/p>\n<\/div>\n<div><a href=\"http:\/\/martinvrijland.wordpress.com\/wp-login.php?redirect_to=http%3A%2F%2Fmartinvrijland.wordpress.com%2F2013%2F03%2F11%2Fpolitierapport-en-rapport-forensisch-instituut-van-anass-lees-en-huiver%2F\" rel=\"nofollow\">Login om te reageren<\/a><\/div>\n<\/div>\n<ul>\n<li id=\"li-comment-13497\">\n<div id=\"comment-13497\">\n<div><img loading=\"lazy\" decoding=\"async\" id=\"grav-ce517fd0c6fc40f11ca6e930fbf70cc2-4\" alt=\"\" src=\"http:\/\/0.gravatar.com\/avatar\/ce517fd0c6fc40f11ca6e930fbf70cc2?s=40&amp;d=identicon&amp;r=G\" width=\"40\" height=\"40\" \/> <cite><a href=\"http:\/\/martinvrijland.wordpress.com\" rel=\"external nofollow\">martinvrijland<\/a><\/cite> zegt:<\/div>\n<div><a href=\"http:\/\/martinvrijland.wordpress.com\/2013\/03\/11\/politierapport-en-rapport-forensisch-instituut-van-anass-lees-en-huiver\/comment-page-3\/#comment-13497\"> 13 maart 2013 om 20:08<\/a><\/div>\n<div>\n<p>Zeker! ze moeten hun Machiavelli rol onmiddelijk stoppen en kiezen voor eerlijkheid en gerechtigheid in plaats van een dik salaris en een luxe leventje.<\/p>\n<\/div>\n<div><\/div>\n<\/div>\n<\/li>\n<\/ul>\n<\/li>\n<\/ul>\n<\/li>\n<\/ul>\n<\/li>\n<\/ul>\n<\/li>\n<li id=\"li-comment-13470\">\n<div id=\"comment-13470\">\n<div><img loading=\"lazy\" decoding=\"async\" alt=\"\" src=\"http:\/\/i1.wp.com\/a0.twimg.com\/profile_images\/3202053569\/fd8b78831f47be39913bc1f5d4658dbb_normal.jpeg?resize=40%2C40\" width=\"40\" height=\"40\" \/> <cite><a href=\"http:\/\/twitter.com\/kesje\" rel=\"external nofollow\">kesje (@kesje)<\/a><\/cite> zegt:<\/div>\n<div><a href=\"http:\/\/martinvrijland.wordpress.com\/2013\/03\/11\/politierapport-en-rapport-forensisch-instituut-van-anass-lees-en-huiver\/comment-page-3\/#comment-13470\"> 13 maart 2013 om 08:54<\/a><\/div>\n<div>\n<p>Hoi Martin,<br \/>\nGoed stuk weer! Wat ik alleen niet begrijp, is waarom je vragen stelt bij het spel Geocaching. Ik ben zelf een Geocacher. Het is een soort schatzoeken. Je zet de coordinaten van de \u2018Cache\u2019 (doosje met logboekje en evt. goodies om te ruilen) in je GPS, je gaat zoeken, je schrijft je naam op het logboekje in de cache, plaatst de cache weer terug en je logt online dat je hem gevonden hebt. Ik denk niet dat de politie er wat aan heeft om dit te onderzoeken. Aangezien dit gewoon een spel is. Het enige wat ze zouden kunnen doen is contact opnemen met de mensen die de cache die avond\/nacht\/ochtend gevonden hebben. Misschien dat hen iets gezien hebben. ALS de cache al gevonden is rond die tijd.<br \/>\nIk kon het toch niet laten om hierop te reageren, aangezien ik al eerder vraagtekens rond Geocaching zag.<br \/>\nIk lees graag je blogs, ben heel benieuwd waar het allemaal op uit komt.<br \/>\nGroetjes Kelly<\/p>\n<\/div>\n<div><a href=\"http:\/\/martinvrijland.wordpress.com\/wp-login.php?redirect_to=http%3A%2F%2Fmartinvrijland.wordpress.com%2F2013%2F03%2F11%2Fpolitierapport-en-rapport-forensisch-instituut-van-anass-lees-en-huiver%2F\" rel=\"nofollow\">Login om te reageren<\/a><\/div>\n<\/div>\n<ul>\n<li id=\"li-comment-13471\">\n<div id=\"comment-13471\">\n<div><img loading=\"lazy\" decoding=\"async\" id=\"grav-ce517fd0c6fc40f11ca6e930fbf70cc2-5\" alt=\"\" src=\"http:\/\/0.gravatar.com\/avatar\/ce517fd0c6fc40f11ca6e930fbf70cc2?s=40&amp;d=identicon&amp;r=G\" width=\"40\" height=\"40\" \/> <cite><a href=\"http:\/\/martinvrijland.wordpress.com\" rel=\"external nofollow\">martinvrijland<\/a><\/cite> zegt:<\/div>\n<div><a href=\"http:\/\/martinvrijland.wordpress.com\/2013\/03\/11\/politierapport-en-rapport-forensisch-instituut-van-anass-lees-en-huiver\/comment-page-3\/#comment-13471\"> 13 maart 2013 om 09:04<\/a><\/div>\n<div>\n<p>Dat kistje lag daar in het gefilmde luik op de vinplaats van Anass.<br \/>\nHet gaat er dus vooral om dat dit aantoont dat de forensisch onderzoekers van alles onberoerd hebben gelaten. Dan mag je toch concluderen dat er niet echt minutieus onderzoek is gepleegd.<br \/>\nEn ik ben dat niet met je eens. Als je uit gaat van een mogelijk misdrijf behoor je letterlijk alles te onderzoeken.<\/p>\n<\/div>\n<div><a href=\"http:\/\/martinvrijland.wordpress.com\/wp-login.php?redirect_to=http%3A%2F%2Fmartinvrijland.wordpress.com%2F2013%2F03%2F11%2Fpolitierapport-en-rapport-forensisch-instituut-van-anass-lees-en-huiver%2F\" rel=\"nofollow\">Login om te reageren<\/a><\/div>\n<\/div>\n<\/li>\n<li id=\"li-comment-13480\">\n<div id=\"comment-13480\">\n<div><img loading=\"lazy\" decoding=\"async\" id=\"grav-7636413c6c5b3579d02986287b1dfb27-0\" alt=\"\" src=\"http:\/\/1.gravatar.com\/avatar\/7636413c6c5b3579d02986287b1dfb27?s=40&amp;d=identicon&amp;r=G\" width=\"40\" height=\"40\" \/> <cite>berendopforum<\/cite> zegt:<\/div>\n<div><a href=\"http:\/\/martinvrijland.wordpress.com\/2013\/03\/11\/politierapport-en-rapport-forensisch-instituut-van-anass-lees-en-huiver\/comment-page-3\/#comment-13480\"> 13 maart 2013 om 10:23<\/a><\/div>\n<div>\n<p>het maakt niet uit of er een doos met het spel risk of monopolie of geocaching lag in een luik, dat het niet is onderzocht is MEGA BIZAR. En ik kijk niet eens CSI.<\/p>\n<\/div>\n<div><a href=\"http:\/\/martinvrijland.wordpress.com\/wp-login.php?redirect_to=http%3A%2F%2Fmartinvrijland.wordpress.com%2F2013%2F03%2F11%2Fpolitierapport-en-rapport-forensisch-instituut-van-anass-lees-en-huiver%2F\" rel=\"nofollow\">Login om te reageren<\/a><\/div>\n<\/div>\n<\/li>\n<\/ul>\n<\/li>\n<li id=\"li-comment-13472\">\n<div id=\"comment-13472\">\n<div><img loading=\"lazy\" decoding=\"async\" id=\"grav-b89ddc8096e763b7cc13e6078672f7f8-0\" alt=\"\" src=\"http:\/\/2.gravatar.com\/avatar\/b89ddc8096e763b7cc13e6078672f7f8?s=40&amp;d=identicon&amp;r=G\" width=\"40\" height=\"40\" \/> <cite><a href=\"http:\/\/gepkedeleef.wordpress.com\" rel=\"external nofollow\">Gepke de Leef<\/a><\/cite> zegt:<\/div>\n<div><a href=\"http:\/\/martinvrijland.wordpress.com\/2013\/03\/11\/politierapport-en-rapport-forensisch-instituut-van-anass-lees-en-huiver\/comment-page-3\/#comment-13472\"> 13 maart 2013 om 09:23<\/a><\/div>\n<div>\n<p>Om dit alles kun je Nederland ook geen rechtstaat noemen. Politie\/OM maken uit wat voor rechter komt.Let wel O.v.J. is politie\/OM functionaris 1 partij ! en brengt voor wat politie zegt.<br \/>\nMeeste nabestaanden door verdriet overmand laten het daarom vaak zo! De politie\/OM beerput is veel dieper als wij weten.<\/p>\n<\/div>\n<div><a href=\"http:\/\/martinvrijland.wordpress.com\/wp-login.php?redirect_to=http%3A%2F%2Fmartinvrijland.wordpress.com%2F2013%2F03%2F11%2Fpolitierapport-en-rapport-forensisch-instituut-van-anass-lees-en-huiver%2F\" rel=\"nofollow\">Login om te reageren<\/a><\/div>\n<\/div>\n<\/li>\n<li id=\"li-comment-13477\">\n<div id=\"comment-13477\">\n<div><img loading=\"lazy\" decoding=\"async\" id=\"grav-6cf9aeb6ad4c10e5d172e47d40aa32d1-0\" alt=\"\" src=\"http:\/\/0.gravatar.com\/avatar\/6cf9aeb6ad4c10e5d172e47d40aa32d1?s=40&amp;d=identicon&amp;r=G\" width=\"40\" height=\"40\" \/> <cite><a href=\"http:\/\/newnederland.wordpress.com\" rel=\"external nofollow\">newnederland<\/a><\/cite> zegt:<\/div>\n<div><a href=\"http:\/\/martinvrijland.wordpress.com\/2013\/03\/11\/politierapport-en-rapport-forensisch-instituut-van-anass-lees-en-huiver\/comment-page-3\/#comment-13477\"> 13 maart 2013 om 10:19<\/a><\/div>\n<div>\n<p>Reblogged this on <a href=\"http:\/\/newnederland.wordpress.com\/2013\/03\/13\/507\/\" rel=\"nofollow\">newnederland<\/a>.<\/p>\n<\/div>\n<div><a href=\"http:\/\/martinvrijland.wordpress.com\/wp-login.php?redirect_to=http%3A%2F%2Fmartinvrijland.wordpress.com%2F2013%2F03%2F11%2Fpolitierapport-en-rapport-forensisch-instituut-van-anass-lees-en-huiver%2F\" rel=\"nofollow\">Login om te reageren<\/a><\/div>\n<\/div>\n<\/li>\n<li id=\"li-comment-13479\">\n<div id=\"comment-13479\">\n<div><img loading=\"lazy\" decoding=\"async\" id=\"grav-7636413c6c5b3579d02986287b1dfb27-1\" alt=\"\" src=\"http:\/\/1.gravatar.com\/avatar\/7636413c6c5b3579d02986287b1dfb27?s=40&amp;d=identicon&amp;r=G\" width=\"40\" height=\"40\" \/> <cite>berendopforum<\/cite> zegt:<\/div>\n<div><a href=\"http:\/\/martinvrijland.wordpress.com\/2013\/03\/11\/politierapport-en-rapport-forensisch-instituut-van-anass-lees-en-huiver\/comment-page-3\/#comment-13479\"> 13 maart 2013 om 10:20<\/a><\/div>\n<div>\n<p>op website van forensisch instituut zie al snel dat bij gevonden minderjarigen zedenset(je) wordt afgenomen (van lichaamsopeningen, genatalia, evt haar), bij verdenking van een zedenmisdrijf.<br \/>\nvraag me af of er sprake was van drogering\/\u2019onder invloed\u2019 zijn \/ medicijngebruik en wat tijdstip van overlijden is.<\/p>\n<\/div>\n<div><a href=\"http:\/\/martinvrijland.wordpress.com\/wp-login.php?redirect_to=http%3A%2F%2Fmartinvrijland.wordpress.com%2F2013%2F03%2F11%2Fpolitierapport-en-rapport-forensisch-instituut-van-anass-lees-en-huiver%2F\" rel=\"nofollow\">Login om te reageren<\/a><\/div>\n<\/div>\n<ul>\n<li id=\"li-comment-13481\">\n<div id=\"comment-13481\">\n<div><img loading=\"lazy\" decoding=\"async\" id=\"grav-ce517fd0c6fc40f11ca6e930fbf70cc2-6\" alt=\"\" src=\"http:\/\/0.gravatar.com\/avatar\/ce517fd0c6fc40f11ca6e930fbf70cc2?s=40&amp;d=identicon&amp;r=G\" width=\"40\" height=\"40\" \/> <cite><a href=\"http:\/\/martinvrijland.wordpress.com\" rel=\"external nofollow\">martinvrijland<\/a><\/cite> zegt:<\/div>\n<div><a href=\"http:\/\/martinvrijland.wordpress.com\/2013\/03\/11\/politierapport-en-rapport-forensisch-instituut-van-anass-lees-en-huiver\/comment-page-3\/#comment-13481\"> 13 maart 2013 om 10:31<\/a><\/div>\n<div>\n<p>plaats eens een link \/ screenshot<\/p>\n<\/div>\n<div><a href=\"http:\/\/martinvrijland.wordpress.com\/wp-login.php?redirect_to=http%3A%2F%2Fmartinvrijland.wordpress.com%2F2013%2F03%2F11%2Fpolitierapport-en-rapport-forensisch-instituut-van-anass-lees-en-huiver%2F\" rel=\"nofollow\">Login om te reageren<\/a><\/div>\n<\/div>\n<ul>\n<li id=\"li-comment-13488\">\n<div id=\"comment-13488\">\n<div><img loading=\"lazy\" decoding=\"async\" id=\"grav-7636413c6c5b3579d02986287b1dfb27-2\" alt=\"\" src=\"http:\/\/1.gravatar.com\/avatar\/7636413c6c5b3579d02986287b1dfb27?s=40&amp;d=identicon&amp;r=G\" width=\"40\" height=\"40\" \/> <cite>berendopforum<\/cite> zegt:<\/div>\n<div><a href=\"http:\/\/martinvrijland.wordpress.com\/2013\/03\/11\/politierapport-en-rapport-forensisch-instituut-van-anass-lees-en-huiver\/comment-page-3\/#comment-13488\"> 13 maart 2013 om 12:13<\/a><\/div>\n<div>\n<p>\u201dHet boek \u2018Forensisch post mortem onderzoek bij minderjarigen\u2019 door V. Soerdjbalie (2010)<br \/>\n01-12-2010 | pdf-document, 1.17 MB\u201d deze pdf kun je openen op deze pagina <a href=\"http:\/\/www.nederlandsforensischinstituut.nl\/kenniscentrum\/themadossiers\/pediatrie_en_kinderpathologie\/index.aspx\" rel=\"nofollow\">http:\/\/www.nederlandsforensischinstituut.nl\/kenniscentrum\/themadossiers\/pediatrie_en_kinderpathologie\/index.aspx<\/a><br \/>\n(NFI is van Ministerie van Justitie en Veiligheid)<\/p>\n<\/div>\n<div><a href=\"http:\/\/martinvrijland.wordpress.com\/wp-login.php?redirect_to=http%3A%2F%2Fmartinvrijland.wordpress.com%2F2013%2F03%2F11%2Fpolitierapport-en-rapport-forensisch-instituut-van-anass-lees-en-huiver%2F\" rel=\"nofollow\">Login om te reageren<\/a><\/div>\n<\/div>\n<\/li>\n<\/ul>\n<\/li>\n<\/ul>\n<\/li>\n<li id=\"li-comment-13482\">\n<div id=\"comment-13482\">\n<div><img loading=\"lazy\" decoding=\"async\" alt=\"\" src=\"http:\/\/i2.wp.com\/graph.facebook.com\/100004282387840\/picture?q=type%3Dlarge%26_md5%3D73a259ec939121ed578f210640dd2659&amp;resize=40%2C40\" width=\"40\" height=\"40\" \/> <cite><a href=\"http:\/\/www.facebook.com\/al.haqq.98\" rel=\"external nofollow\">Al Haqq<\/a><\/cite> zegt:<\/div>\n<div><a href=\"http:\/\/martinvrijland.wordpress.com\/2013\/03\/11\/politierapport-en-rapport-forensisch-instituut-van-anass-lees-en-huiver\/comment-page-3\/#comment-13482\"> 13 maart 2013 om 10:51<\/a><\/div>\n<div>\n<p>Dit is te bizar voor woorden! Ik heb vanaf het begin niet geloofd dat het om zelfmoord ging. Hoe kan Anass niet gevonden zijn, terwijl het bos al eerder op die dag doorzocht was. Bovendien werden er al uitspraken gedaan dat het om zelfmoord ging alvorens het onderzoek was afgerond.<br \/>\nWat een grove leugens over een onschuldige jongen.<br \/>\nIk wens de nabestaanden veel geduld en doorzettingsvermogen om de waarheid te achterhalen.<\/p>\n<p>\u0644\u064e\u0627 \u062d\u064e\u0648\u0652\u0644\u064e \u0648\u064e\u0644\u064e\u0627 \u0642\u064f\u0648\u064e\u0651\u0629\u064e \u0627\u0650\u0644\u064e\u0651\u0627 \u0628\u0650\u0627\u0644\u0644\u0647 \u2013 Er is geen kracht of macht buiten die van God<\/p>\n<\/div>\n<div><a href=\"http:\/\/martinvrijland.wordpress.com\/wp-login.php?redirect_to=http%3A%2F%2Fmartinvrijland.wordpress.com%2F2013%2F03%2F11%2Fpolitierapport-en-rapport-forensisch-instituut-van-anass-lees-en-huiver%2F\" rel=\"nofollow\">Login om te reageren<\/a><\/div>\n<\/div>\n<ul>\n<li id=\"li-comment-13491\">\n<div id=\"comment-13491\">\n<div><img loading=\"lazy\" decoding=\"async\" id=\"grav-a3950b492a13de2079271e5590d35165-0\" alt=\"\" src=\"http:\/\/1.gravatar.com\/avatar\/a3950b492a13de2079271e5590d35165?s=40&amp;d=identicon&amp;r=G\" width=\"40\" height=\"40\" \/> <cite>maasdonk<\/cite> zegt:<\/div>\n<div><a href=\"http:\/\/martinvrijland.wordpress.com\/2013\/03\/11\/politierapport-en-rapport-forensisch-instituut-van-anass-lees-en-huiver\/comment-page-3\/#comment-13491\"> 13 maart 2013 om 15:54<\/a><\/div>\n<div>\n<p>@all Haqq helemaal mee eens de hogere macht lost het op dit is niet de bedoeling van het leven op aarde leugens bedrog en massacontrole!!!<br \/>\nLaat gerechtigheid komen voor alle slachtoffers van de zgn ,,elite,, in mijn wereld hebben zij een andere benaming nl scum off the earth maffiatrash!!!<\/p>\n<\/div>\n<div><a href=\"http:\/\/martinvrijland.wordpress.com\/wp-login.php?redirect_to=http%3A%2F%2Fmartinvrijland.wordpress.com%2F2013%2F03%2F11%2Fpolitierapport-en-rapport-forensisch-instituut-van-anass-lees-en-huiver%2F\" rel=\"nofollow\">Login om te reageren<\/a><\/div>\n<\/div>\n<\/li>\n<\/ul>\n<\/li>\n<li id=\"li-comment-13487\">\n<div id=\"comment-13487\">\n<div><img loading=\"lazy\" decoding=\"async\" id=\"grav-45781fff06b5c878f993aa7ea6849c75-0\" alt=\"\" src=\"http:\/\/1.gravatar.com\/avatar\/45781fff06b5c878f993aa7ea6849c75?s=40&amp;d=identicon&amp;r=G\" width=\"40\" height=\"40\" \/> <cite>diannerocks<\/cite> zegt:<\/div>\n<div><a href=\"http:\/\/martinvrijland.wordpress.com\/2013\/03\/11\/politierapport-en-rapport-forensisch-instituut-van-anass-lees-en-huiver\/comment-page-3\/#comment-13487\"> 13 maart 2013 om 12:07<\/a><\/div>\n<div>\n<p>Heeey Martin,<br \/>\nIk volg je blog nu al weken en wil je via deze weg laten weten dat ik ontzettend blij ben met jou als medeburger van dit o\u2019zo fijne nederland\u2026.(bleeehhhh)<br \/>\nWat een werk heb je verzet\u2026.Ga zo door\u2026.tot de waarheid aan het licht komt!<br \/>\nIk ga nu eerst je stichting steunen met een kleine bijdrage!<br \/>\nJe bent een kanjer! Arme Anass\u2026.Arme familie om zo bedonderd te worden\u2026.Arm Nederland\u2026.<br \/>\nDianne<\/p>\n<\/div>\n<div><a href=\"http:\/\/martinvrijland.wordpress.com\/wp-login.php?redirect_to=http%3A%2F%2Fmartinvrijland.wordpress.com%2F2013%2F03%2F11%2Fpolitierapport-en-rapport-forensisch-instituut-van-anass-lees-en-huiver%2F\" rel=\"nofollow\">Login om te reageren<\/a><\/div>\n<\/div>\n<\/li>\n<li id=\"li-comment-13492\">\n<div id=\"comment-13492\">\n<div><img loading=\"lazy\" decoding=\"async\" alt=\"\" src=\"http:\/\/i2.wp.com\/graph.facebook.com\/100003157245195\/picture?q=type%3Dlarge%26_md5%3Dba639dd7ff7e8a3fed038feeabeed73c&amp;resize=40%2C40\" width=\"40\" height=\"40\" \/> <cite><a href=\"http:\/\/www.facebook.com\/sandra.hoegaarden\" rel=\"external nofollow\">Sandra Hoegaarden<\/a><\/cite> zegt:<\/div>\n<div><a href=\"http:\/\/martinvrijland.wordpress.com\/2013\/03\/11\/politierapport-en-rapport-forensisch-instituut-van-anass-lees-en-huiver\/comment-page-3\/#comment-13492\"> 13 maart 2013 om 15:59<\/a><\/div>\n<div>\n<p>dat zwaarwegend opsporingsbelang, er wordt dus klaarblijkelijk nog steeds gespoord. Is het onderzoek nog niet afgelopen ?? Het slachtoffer lag op de grond.Is de tak afgebroken ????\/Het wordt nu echt tijd dat er naast een advocaat een objectief particulier recherche bureau wordt ingeschakeld. Waar blijft de persconferentie. ?? De publieke omroep ? tegenlicht Zembla ??<\/p>\n<\/div>\n<div><a href=\"http:\/\/martinvrijland.wordpress.com\/wp-login.php?redirect_to=http%3A%2F%2Fmartinvrijland.wordpress.com%2F2013%2F03%2F11%2Fpolitierapport-en-rapport-forensisch-instituut-van-anass-lees-en-huiver%2F\" rel=\"nofollow\">Login om te reageren<\/a><\/div>\n<\/div>\n<ul>\n<li id=\"li-comment-13499\">\n<div id=\"comment-13499\">\n<div><img loading=\"lazy\" decoding=\"async\" id=\"grav-59afd366e4567e35d227e73a6e7d74a0-0\" alt=\"\" src=\"http:\/\/2.gravatar.com\/avatar\/59afd366e4567e35d227e73a6e7d74a0?s=40&amp;d=identicon&amp;r=G\" width=\"40\" height=\"40\" \/> <cite>Anti deVriesmaffia<\/cite> zegt:<\/div>\n<div><a href=\"http:\/\/martinvrijland.wordpress.com\/2013\/03\/11\/politierapport-en-rapport-forensisch-instituut-van-anass-lees-en-huiver\/comment-page-3\/#comment-13499\"> 13 maart 2013 om 20:11<\/a><\/div>\n<div>\n<p>goed idee Sandra, neem jij dan even contact op met Tegenlicht of Zembla?<br \/>\nof Pauw en Witwasman, of probeer Peter R e Vries anders, die heeft toch niets te doen.<\/p>\n<\/div>\n<div><a href=\"http:\/\/martinvrijland.wordpress.com\/wp-login.php?redirect_to=http%3A%2F%2Fmartinvrijland.wordpress.com%2F2013%2F03%2F11%2Fpolitierapport-en-rapport-forensisch-instituut-van-anass-lees-en-huiver%2F\" rel=\"nofollow\">Login om te reageren<\/a><\/div>\n<\/div>\n<ul>\n<li id=\"li-comment-13501\">\n<div id=\"comment-13501\">\n<div><img loading=\"lazy\" decoding=\"async\" id=\"grav-7636413c6c5b3579d02986287b1dfb27-3\" alt=\"\" src=\"http:\/\/1.gravatar.com\/avatar\/7636413c6c5b3579d02986287b1dfb27?s=40&amp;d=identicon&amp;r=G\" width=\"40\" height=\"40\" \/> <cite>berendopforum<\/cite> zegt:<\/div>\n<div><a href=\"http:\/\/martinvrijland.wordpress.com\/2013\/03\/11\/politierapport-en-rapport-forensisch-instituut-van-anass-lees-en-huiver\/comment-page-3\/#comment-13501\"> 13 maart 2013 om 20:43<\/a><\/div>\n<div>\n<p>je was me net voor! dat wilde ik net typen, misschien komt (zelfverklaarde pedojager) P R de vries dit allemaal nog rechtzetten. Volgens mijn vergeten veel mensen naar de afbeelding in de header van deze blog te kijken\u2026\u2026\u2026\u2026\u2026\u2026. (Hint : Kennedy)<\/p>\n<\/div>\n<div><a href=\"http:\/\/martinvrijland.wordpress.com\/wp-login.php?redirect_to=http%3A%2F%2Fmartinvrijland.wordpress.com%2F2013%2F03%2F11%2Fpolitierapport-en-rapport-forensisch-instituut-van-anass-lees-en-huiver%2F\" rel=\"nofollow\">Login om te reageren<\/a><\/div>\n<\/div>\n<ul>\n<li id=\"li-comment-13509\">\n<div id=\"comment-13509\">\n<div><img loading=\"lazy\" decoding=\"async\" id=\"grav-c7d00a16c7ee1790640f01ecef7ab35a-0\" alt=\"\" src=\"http:\/\/0.gravatar.com\/avatar\/c7d00a16c7ee1790640f01ecef7ab35a?s=40&amp;d=identicon&amp;r=G\" width=\"40\" height=\"40\" \/> <cite>wandeltje<\/cite> zegt:<\/div>\n<div><a href=\"http:\/\/martinvrijland.wordpress.com\/2013\/03\/11\/politierapport-en-rapport-forensisch-instituut-van-anass-lees-en-huiver\/comment-page-3\/#comment-13509\"> 13 maart 2013 om 21:56<\/a><\/div>\n<div>\n<p>Ik ben eens h\u00e9\u00e9\u00e9l benieuwd of we binnenkort (in pak \u2018m beet 1 \u00e0 2 jaar) horen over bijv\u00f3\u00f3rbeeld politie-\u201dmedewerkers\u201d, van bijv\u00f3\u00f3rbeeld bureau Wassenaar, die bijv\u00f3\u00f3rbeeld zelfmoord hebben gepleegd c.q. onder miraculeuze wijze om het leven zijn gekomen c.q. in grote psychische moeilijkheden zijn gekomen\u2026.. (Voor de mensen die net inschakelen: zie zaak-Edith Post.)<\/p>\n<\/div>\n<div><a href=\"http:\/\/martinvrijland.wordpress.com\/wp-login.php?redirect_to=http%3A%2F%2Fmartinvrijland.wordpress.com%2F2013%2F03%2F11%2Fpolitierapport-en-rapport-forensisch-instituut-van-anass-lees-en-huiver%2F\" rel=\"nofollow\">Login om te reageren<\/a><\/div>\n<\/div>\n<\/li>\n<\/ul>\n<\/li>\n<\/ul>\n<\/li>\n<\/ul>\n<\/li>\n<li id=\"li-comment-13498\">\n<div id=\"comment-13498\">\n<div><img loading=\"lazy\" decoding=\"async\" id=\"grav-f2b936a5494d484984a1bc6a792ca193-1\" alt=\"\" src=\"http:\/\/0.gravatar.com\/avatar\/f2b936a5494d484984a1bc6a792ca193?s=40&amp;d=identicon&amp;r=G\" width=\"40\" height=\"40\" \/> <cite>fleur98<\/cite> zegt:<\/div>\n<div><a href=\"http:\/\/martinvrijland.wordpress.com\/2013\/03\/11\/politierapport-en-rapport-forensisch-instituut-van-anass-lees-en-huiver\/comment-page-3\/#comment-13498\"> 13 maart 2013 om 20:10<\/a><\/div>\n<div>\n<p>De sjaal zat niet strak maar z\u00e9\u00e9r strak om de hals van Anass, aldus het rapport.<br \/>\nDaar past geen tak tussen!<br \/>\nOok de wurgafdruk in de hals van Anass geeft overduidelijk aan dat er geen sprake was van verhanging.<br \/>\nDe vader van Anass gaf aan dat zijn zoon is vermoord.<br \/>\nIk ben het daar 100% mee eens!<\/p>\n<\/div>\n<div><a href=\"http:\/\/martinvrijland.wordpress.com\/wp-login.php?redirect_to=http%3A%2F%2Fmartinvrijland.wordpress.com%2F2013%2F03%2F11%2Fpolitierapport-en-rapport-forensisch-instituut-van-anass-lees-en-huiver%2F\" rel=\"nofollow\">Login om te reageren<\/a><\/div>\n<\/div>\n<\/li>\n<li>Pingback: <a href=\"http:\/\/martinvrijland.wordpress.com\/2013\/03\/13\/familie-anass-over-lichaam-en-de-advocaat\/\" rel=\"external nofollow\">Familie Anass over lichaam en de advocaat |<\/a><\/li>\n<li id=\"li-comment-13513\">\n<div id=\"comment-13513\">\n<div><img loading=\"lazy\" decoding=\"async\" id=\"grav-c7d00a16c7ee1790640f01ecef7ab35a-1\" alt=\"\" src=\"http:\/\/0.gravatar.com\/avatar\/c7d00a16c7ee1790640f01ecef7ab35a?s=40&amp;d=identicon&amp;r=G\" width=\"40\" height=\"40\" \/> <cite>wandeltje<\/cite> zegt:<\/div>\n<div><a href=\"http:\/\/martinvrijland.wordpress.com\/2013\/03\/11\/politierapport-en-rapport-forensisch-instituut-van-anass-lees-en-huiver\/comment-page-3\/#comment-13513\"> 13 maart 2013 om 22:41<\/a><\/div>\n<div>\n<p>En vanmiddag weer wat interessants gehoord.<br \/>\nEr wordt gefluisterd dat de media, aanwezig op de donderdag dat Anass gevonden werd (MSM), het aanwezige publiek (lees: schoolgenoten en sensatiezoekers) werd ge\u00efnstrueerd om, als de camera\u2019s op hen gericht werden, elkaar huilend in de armen te vallen\u2026..<br \/>\nDat staat namelijk wel betrokken.<\/p>\n<\/div>\n<div><a href=\"http:\/\/martinvrijland.wordpress.com\/wp-login.php?redirect_to=http%3A%2F%2Fmartinvrijland.wordpress.com%2F2013%2F03%2F11%2Fpolitierapport-en-rapport-forensisch-instituut-van-anass-lees-en-huiver%2F\" rel=\"nofollow\">Login om te reageren<\/a><\/div>\n<\/div>\n<\/li>\n<li>Pingback: <a href=\"http:\/\/www.thepostonline.nl\/2013\/03\/14\/eerste-schandalen-nieuwe-paus\/\" rel=\"external nofollow\">Eerste schandalen nieuwe paus | ThePostOnline<\/a><\/li>\n<\/ol>\n<div>\n<div><a href=\"http:\/\/martinvrijland.wordpress.com\/2013\/03\/11\/politierapport-en-rapport-forensisch-instituut-van-anass-lees-en-huiver\/comment-page-2\/#comments\">\u2190 Oudere reacties<\/a><\/div>\n<\/div>\n<div id=\"respond\">\n<h3 id=\"reply-title\">Geef een reactie<\/h3>\n<form id=\"commentform\" action=\"http:\/\/martinvrijland.wordpress.com\/wp-comments-post.php\" method=\"post\">\n<div>\n<div id=\"comment-form-comment\"><textarea tabindex=\"-1\" placeholder=\"Vul je reactie hier in ...\"><\/textarea><textarea id=\"comment\" name=\"comment\" placeholder=\"Vul je reactie hier in ...\"><\/textarea><\/div>\n<\/div>\n<\/form>\n<\/div>\n<\/div>\n<div id=\"primary\" role=\"complementary\">\n<ul>\n<li id=\"search-2\">\n<form id=\"searchform\" role=\"search\" action=\"http:\/\/martinvrijland.wordpress.com\/\" method=\"get\">\n<div><input id=\"s\" type=\"text\" name=\"s\" value=\"\" \/><\/div>\n<\/form>\n<\/li>\n<li id=\"recent-posts-2\">\n<h3>Meest recente berichten<\/h3>\n<ul>\n<li><a title=\"Analyse NFI rapport Anass door een\u00a0arts\" href=\"http:\/\/martinvrijland.wordpress.com\/2013\/03\/14\/analyse-nfi-rapport-anass-door-een-arts\/\">Analyse NFI rapport Anass door een\u00a0arts<\/a><\/li>\n<li><a title=\"Familie Anass over lichaam en de\u00a0advocaat\" href=\"http:\/\/martinvrijland.wordpress.com\/2013\/03\/13\/familie-anass-over-lichaam-en-de-advocaat\/\">Familie Anass over lichaam en de\u00a0advocaat<\/a><\/li>\n<li><a title=\"Documentaire\u00a0Anass\" href=\"http:\/\/martinvrijland.wordpress.com\/2013\/03\/12\/documentaire-anass\/\">Documentaire\u00a0Anass<\/a><\/li>\n<li><a title=\"Anass\u2019 leven, laatste activiteiten en\u00a0emails\" href=\"http:\/\/martinvrijland.wordpress.com\/2013\/03\/12\/anass-leven-laatste-activiteiten-en-emails\/\">Anass\u2019 leven, laatste activiteiten en\u00a0emails<\/a><\/li>\n<li><a title=\"Politierapport en rapport Forensisch Instituut van Anass, lees en huiver!\u00a0*Update*\" href=\"http:\/\/martinvrijland.wordpress.com\/2013\/03\/11\/politierapport-en-rapport-forensisch-instituut-van-anass-lees-en-huiver\/\">Politierapport en rapport Forensisch Instituut van Anass, lees en huiver!\u00a0*Update*<\/a><\/li>\n<\/ul>\n<\/li>\n<li id=\"archives-2\">\n<h3>Archief<\/h3>\n<ul>\n<li><a title=\"maart 2013\" href=\"http:\/\/martinvrijland.wordpress.com\/2013\/03\/\">maart 2013<\/a><\/li>\n<li><a title=\"februari 2013\" href=\"http:\/\/martinvrijland.wordpress.com\/2013\/02\/\">februari 2013<\/a><\/li>\n<li><a title=\"januari 2013\" href=\"http:\/\/martinvrijland.wordpress.com\/2013\/01\/\">januari 2013<\/a><\/li>\n<li><a title=\"december 2012\" href=\"http:\/\/martinvrijland.wordpress.com\/2012\/12\/\">december 2012<\/a><\/li>\n<li><a title=\"november 2012\" href=\"http:\/\/martinvrijland.wordpress.com\/2012\/11\/\">november 2012<\/a><\/li>\n<\/ul>\n<\/li>\n<li id=\"categories-2\">\n<h3>Categorie\u00ebn<\/h3>\n<ul>\n<li><a title=\"Alle berichten opgeslagen onder Alles bekijken\" href=\"http:\/\/martinvrijland.wordpress.com\/category\/alles\/\">Alles<\/a><\/li>\n<li><a title=\"Alle berichten opgeslagen onder Defensie bekijken\" href=\"http:\/\/martinvrijland.wordpress.com\/category\/defensie\/\">Defensie<\/a><\/li>\n<li><a title=\"Alle berichten opgeslagen onder Donaties t.b.v. stichting bekijken\" href=\"http:\/\/martinvrijland.wordpress.com\/category\/donaties-t-b-v-stichting\/\">Donaties t.b.v. stichting<\/a><\/li>\n<li><a title=\"Alle berichten opgeslagen onder Economie bekijken\" href=\"http:\/\/martinvrijland.wordpress.com\/category\/economie\/\">Economie<\/a><\/li>\n<li><a title=\"Alle berichten opgeslagen onder Eigen filmopnames bekijken\" href=\"http:\/\/martinvrijland.wordpress.com\/category\/eigen-filmopnames\/\">Eigen filmopnames<\/a><\/li>\n<li><a title=\"Alle berichten opgeslagen onder Email bekijken\" href=\"http:\/\/martinvrijland.wordpress.com\/category\/email\/\">Email<\/a><\/li>\n<li><a title=\"Alle berichten opgeslagen onder Europa bekijken\" href=\"http:\/\/martinvrijland.wordpress.com\/category\/europa-2\/\">Europa<\/a><\/li>\n<li><a title=\"Alle berichten opgeslagen onder FEMA camps bekijken\" href=\"http:\/\/martinvrijland.wordpress.com\/category\/fema-camps\/\">FEMA camps<\/a><\/li>\n<li><a title=\"Alle berichten opgeslagen onder Films bekijken\" href=\"http:\/\/martinvrijland.wordpress.com\/category\/films\/\">Films<\/a><\/li>\n<li><a title=\"Alle berichten opgeslagen onder Flyer bekijken\" href=\"http:\/\/martinvrijland.wordpress.com\/category\/flyer-2\/\">Flyer<\/a><\/li>\n<li><a title=\"Alle berichten opgeslagen onder Genocide bekijken\" href=\"http:\/\/martinvrijland.wordpress.com\/category\/genocide\/\">Genocide<\/a><\/li>\n<li><a title=\"Alle berichten opgeslagen onder Gezondheid bekijken\" href=\"http:\/\/martinvrijland.wordpress.com\/category\/gezondheid\/\">Gezondheid<\/a><\/li>\n<li><a title=\"Alle berichten opgeslagen onder Hogere dimensies bekijken\" href=\"http:\/\/martinvrijland.wordpress.com\/category\/hogere-dimensies\/\">Hogere dimensies<\/a><\/li>\n<li><a title=\"Alle berichten opgeslagen onder Jeugdzorg bekijken\" href=\"http:\/\/martinvrijland.wordpress.com\/category\/jeugdzorg\/\">Jeugdzorg<\/a><\/li>\n<li><a title=\"Alle berichten opgeslagen onder Koningshuis bekijken\" href=\"http:\/\/martinvrijland.wordpress.com\/category\/koningshuis-2\/\">Koningshuis<\/a><\/li>\n<li><a title=\"Alle berichten opgeslagen onder Kunst bekijken\" href=\"http:\/\/martinvrijland.wordpress.com\/category\/kunst\/\">Kunst<\/a><\/li>\n<li><a title=\"Alle berichten opgeslagen onder Milieu bekijken\" href=\"http:\/\/martinvrijland.wordpress.com\/category\/milieu\/\">Milieu<\/a><\/li>\n<li><a title=\"Alle berichten opgeslagen onder Mind control bekijken\" href=\"http:\/\/martinvrijland.wordpress.com\/category\/mind-control\/\">Mind control<\/a><\/li>\n<li><a title=\"Alle berichten opgeslagen onder Misdaad bekijken\" href=\"http:\/\/martinvrijland.wordpress.com\/category\/misdaad\/\">Misdaad<\/a><\/li>\n<li><a title=\"Alle berichten opgeslagen onder Muziek bekijken\" href=\"http:\/\/martinvrijland.wordpress.com\/category\/muziek\/\">Muziek<\/a><\/li>\n<li><a title=\"Alle berichten opgeslagen onder Oorlogen bekijken\" href=\"http:\/\/martinvrijland.wordpress.com\/category\/oorlogen\/\">Oorlogen<\/a><\/li>\n<li><a title=\"Alle berichten opgeslagen onder Pedofilie bekijken\" href=\"http:\/\/martinvrijland.wordpress.com\/category\/pedofilie\/\">Pedofilie<\/a><\/li>\n<li><a title=\"Alle berichten opgeslagen onder Personen bekijken\" href=\"http:\/\/martinvrijland.wordpress.com\/category\/personen\/\">Personen<\/a><\/li>\n<li><a title=\"Alle berichten opgeslagen onder Politiek bekijken\" href=\"http:\/\/martinvrijland.wordpress.com\/category\/politiek\/\">Politiek<\/a><\/li>\n<li><a title=\"Alle berichten opgeslagen onder Propaganda bekijken\" href=\"http:\/\/martinvrijland.wordpress.com\/category\/propaganda\/\">Propaganda<\/a><\/li>\n<li><a title=\"Alle berichten opgeslagen onder Radio bekijken\" href=\"http:\/\/martinvrijland.wordpress.com\/category\/radio\/\">Radio<\/a><\/li>\n<li><a title=\"Alle berichten opgeslagen onder Religie bekijken\" href=\"http:\/\/martinvrijland.wordpress.com\/category\/religie\/\">Religie<\/a><\/li>\n<li><a title=\"Alle berichten opgeslagen onder Spelletjes bekijken\" href=\"http:\/\/martinvrijland.wordpress.com\/category\/spelletjes\/\">Spelletjes<\/a><\/li>\n<li><a title=\"Alle berichten opgeslagen onder Spotprents bekijken\" href=\"http:\/\/martinvrijland.wordpress.com\/category\/spotprents\/\">Spotprents<\/a><\/li>\n<li><a title=\"Alle berichten opgeslagen onder Televisie bekijken\" href=\"http:\/\/martinvrijland.wordpress.com\/category\/televisie\/\">Televisie<\/a><\/li>\n<li><a title=\"Alle berichten opgeslagen onder Verdenking AIVD bekijken\" href=\"http:\/\/martinvrijland.wordpress.com\/category\/verdenking-aivd\/\">Verdenking AIVD<\/a><\/li>\n<li><a title=\"Alle berichten opgeslagen onder Vrijmetselarij bekijken\" href=\"http:\/\/martinvrijland.wordpress.com\/category\/vrijmetselarij-2\/\">Vrijmetselarij<\/a><\/li>\n<li><a title=\"Alle berichten opgeslagen onder Weblinks bekijken\" href=\"http:\/\/martinvrijland.wordpress.com\/category\/weblinks\/\">Weblinks<\/a><\/li>\n<li><a title=\"Alle berichten opgeslagen onder Wetenschap bekijken\" href=\"http:\/\/martinvrijland.wordpress.com\/category\/wetenschap\/\">Wetenschap<\/a><\/li>\n<li><a title=\"Alle berichten opgeslagen onder Zaak Anass bekijken\" href=\"http:\/\/martinvrijland.wordpress.com\/category\/zaak-anass\/\">Zaak Anass<\/a><\/li>\n<\/ul>\n<\/li>\n<li id=\"meta-2\">\n<h3>Meta<\/h3>\n<ul>\n<li><a href=\"http:\/\/martinvrijland.wordpress.com\/wp-login.php?action=register\">Registreren<\/a><\/li>\n<li><a href=\"http:\/\/martinvrijland.wordpress.com\/wp-login.php\">Inloggen<\/a><\/li>\n<li><a title=\"Syndicate deze site met RSS 2.0\" href=\"http:\/\/martinvrijland.wordpress.com\/feed\/\">Berichten <abbr title=\"Really Simple Syndication\">RSS<\/abbr><\/a><\/li>\n<li><a title=\"De meest recente reacties op alle berichten in RSS\" href=\"http:\/\/martinvrijland.wordpress.com\/comments\/feed\/\">Reacties <abbr title=\"Really Simple Syndication\">RSS<\/abbr><\/a><\/li>\n<li><a title=\"Powered by WordPress\" href=\"http:\/\/wordpress.com\/\">WordPress.com<\/a><\/li>\n<\/ul>\n<\/li>\n<\/ul>\n<\/div>\n<div id=\"footer\" role=\"contentinfo\">\n<div id=\"colophon\">\n<div id=\"site-info\"><\/div>\n<div id=\"site-generator\">Thema: <a title=\"Leer meer over dit thema\" href=\"http:\/\/theme.wordpress.com\/themes\/twentyten\/\">Twenty Ten<\/a> <a href=\"http:\/\/nl.wordpress.com\/?ref=footer\" rel=\"generator\">Blog op WordPress.com<\/a>.<\/div>\n<\/div>\n<\/div>\n<div id=\"bit\"><a>Volg<\/a><\/p>\n<div id=\"bitsubscribe\">\n<h3><label for=\"loggedout-follow-field\">Follow \u201c\u201d<\/label><\/h3>\n<form id=\"loggedout-follow\" accept-charset=\"utf-8\" action=\"https:\/\/subscribe.wordpress.com\" method=\"post\">Get every new post delivered to your Inbox.Join 76 other followers<\/p>\n<p><input id=\"loggedout-follow-field\" type=\"email\" name=\"email\" value=\"Enter your email address\" \/><\/p>\n<\/form>\n<div id=\"bsub-credit\"><a href=\"http:\/\/wordpress.com\/signup\/?ref=lof\">Powered by WordPress.com<\/a><\/div>\n<\/div>\n<\/div>\n<p><img decoding=\"async\" id=\"wpstats\" alt=\"\" src=\"http:\/\/stats.wordpress.com\/g.gif?host=martinvrijland.wordpress.com&amp;rand=0.15163025446909906&amp;blog=43841232&amp;v=wpcom&amp;tz=0&amp;user_id=0&amp;post=3173&amp;subd=martinvrijland&amp;ref=http%3A\/\/martinvrijland.wordpress.com\/2013\/03\/11\/politierapport-en-rapport-forensisch-instituut-van-anass-lees-en-huiver\/\" \/><\/p>\n","protected":false},"excerpt":{"rendered":"<p>Om onbereikbaarheid van deze informatie door overbelasting van websites of blokkades op sites te voorkomen neemt de redactie het artikel van Martin Vrijland zonder commentaar over. De redactie neemt geen enkel standpunt in over juistheid of rechtmatigheid van verstrekte informatie. &hellip; <a href=\"https:\/\/www.slachtoffersjustitie.nl\/wordpress\/2013\/03\/14\/1190_anann-stond-onder-ots-colegiaal-doorgeplaats-bericht-martin-vrijland\/\">Continue reading <span class=\"meta-nav\">&rarr;<\/span><\/a><\/p>\n","protected":false},"author":1,"featured_media":0,"comment_status":"open","ping_status":"open","sticky":false,"template":"","format":"standard","meta":{"_bbp_topic_count":0,"_bbp_reply_count":0,"_bbp_total_topic_count":0,"_bbp_total_reply_count":0,"_bbp_voice_count":0,"_bbp_anonymous_reply_count":0,"_bbp_topic_count_hidden":0,"_bbp_reply_count_hidden":0,"_bbp_forum_subforum_count":0,"om_disable_all_campaigns":false,"_monsterinsights_skip_tracking":false,"_monsterinsights_sitenote_active":false,"_monsterinsights_sitenote_note":"","_monsterinsights_sitenote_category":0,"_uf_show_specific_survey":0,"_uf_disable_surveys":false,"footnotes":""},"categories":[41,24,31,53],"tags":[],"_links":{"self":[{"href":"https:\/\/www.slachtoffersjustitie.nl\/wordpress\/wp-json\/wp\/v2\/posts\/1190"}],"collection":[{"href":"https:\/\/www.slachtoffersjustitie.nl\/wordpress\/wp-json\/wp\/v2\/posts"}],"about":[{"href":"https:\/\/www.slachtoffersjustitie.nl\/wordpress\/wp-json\/wp\/v2\/types\/post"}],"author":[{"embeddable":true,"href":"https:\/\/www.slachtoffersjustitie.nl\/wordpress\/wp-json\/wp\/v2\/users\/1"}],"replies":[{"embeddable":true,"href":"https:\/\/www.slachtoffersjustitie.nl\/wordpress\/wp-json\/wp\/v2\/comments?post=1190"}],"version-history":[{"count":14,"href":"https:\/\/www.slachtoffersjustitie.nl\/wordpress\/wp-json\/wp\/v2\/posts\/1190\/revisions"}],"predecessor-version":[{"id":1318,"href":"https:\/\/www.slachtoffersjustitie.nl\/wordpress\/wp-json\/wp\/v2\/posts\/1190\/revisions\/1318"}],"wp:attachment":[{"href":"https:\/\/www.slachtoffersjustitie.nl\/wordpress\/wp-json\/wp\/v2\/media?parent=1190"}],"wp:term":[{"taxonomy":"category","embeddable":true,"href":"https:\/\/www.slachtoffersjustitie.nl\/wordpress\/wp-json\/wp\/v2\/categories?post=1190"},{"taxonomy":"post_tag","embeddable":true,"href":"https:\/\/www.slachtoffersjustitie.nl\/wordpress\/wp-json\/wp\/v2\/tags?post=1190"}],"curies":[{"name":"wp","href":"https:\/\/api.w.org\/{rel}","templated":true}]}}